
{"id":1113,"date":"2012-03-15T19:02:00","date_gmt":"2012-03-15T19:02:00","guid":{"rendered":"https:\/\/letraweb.org\/universo-magico-por-victor-morata-cortado\/"},"modified":"2012-03-15T19:02:00","modified_gmt":"2012-03-15T19:02:00","slug":"universo-magico-por-victor-morata-cortado","status":"publish","type":"post","link":"https:\/\/letraweb.org\/en\/universo-magico-por-victor-morata-cortado\/","title":{"rendered":"UNIVERSO M\u00c1GICO por V\u00edctor Morata Cortado"},"content":{"rendered":"<div dir=\"ltr\" style=\"text-align: left;\"><m:smallfrac m:val=\"off\">    <m:dispdef>    <m:lmargin m:val=\"0\">    <m:rmargin m:val=\"0\">    <m:defjc m:val=\"centerGroup\">    <m:wrapindent m:val=\"1440\">    <m:intlim m:val=\"subSup\">    <m:narylim m:val=\"undOvr\">   <\/m:narylim><\/m:intlim> <\/m:wrapindent>  <\/m:defjc><\/m:rmargin><\/m:lmargin><\/m:dispdef><\/m:smallfrac><\/p>\n<div style=\"line-height: normal; margin-bottom: 0.0001pt; text-align: justify;\"><i><span lang=\"ES\" style=\"font-family: &quot;times new roman&quot; , &quot;serif&quot;; font-size: 12pt;\">Desde Murcia nos llega este maravilloso Universo, de la mano de mi querido amigo Morata. Ac\u00e1 dejo plasmada mis impresiones, no sin antes felicitarlo por el conjunto de toda su obra, de la que soy una fiel lectora a la vez que una gran admiradora. Por el largo camino que hemos recorrido en este mundo de letras y por el que falta por recorrer. Jackie<\/span><\/i><\/div>\n<div style=\"line-height: normal; margin-bottom: 0.0001pt; text-align: justify;\"><i><span lang=\"ES\" style=\"font-family: &quot;times new roman&quot; , &quot;serif&quot;; font-size: 12pt;\">&nbsp;<\/span><\/i> <\/div>\n<div style=\"text-align: justify;\"><i><span lang=\"ES\" style=\"font-family: &quot;times new roman&quot; , &quot;serif&quot;; font-size: 12pt;\"><\/span><\/i>    <m:smallfrac m:val=\"off\">    <m:dispdef>    <m:lmargin m:val=\"0\">    <m:rmargin m:val=\"0\">    <m:defjc m:val=\"centerGroup\">    <m:wrapindent m:val=\"1440\">    <m:intlim m:val=\"subSup\">    <m:narylim m:val=\"undOvr\">   <\/m:narylim><\/m:intlim> <\/m:wrapindent><\/m:defjc><\/m:rmargin><\/m:lmargin><\/m:dispdef><\/m:smallfrac><\/p>\n<div style=\"line-height: normal; margin-bottom: 0.0001pt; text-align: justify;\"><a href=\"http:\/\/3.bp.blogspot.com\/-HyefYFl7IZs\/T2I78SRKDaI\/AAAAAAAAAtM\/QtI1kTVmzAM\/s1600\/Portada+Universo+M%25C3%25A1gico+AGUA.jpg\" style=\"clear: left; float: left; margin-bottom: 1em; margin-right: 1em;\"><img decoding=\"async\" border=\"0\" src=\"https:\/\/3.bp.blogspot.com\/-HyefYFl7IZs\/T2I78SRKDaI\/AAAAAAAAAtM\/QtI1kTVmzAM\/s1600\/Portada+Universo+M%25C3%25A1gico+AGUA.jpg\" \/><\/a><span lang=\"ES\" style=\"font-family: &quot;times new roman&quot; , &quot;serif&quot;; font-size: 12pt;\">Universo m\u00e1gico constituye una saga de relatos fant\u00e1sticos que transitan por lo extraordinario y lo asombroso. &nbsp;Cuatro libros que van de la mano del misterio, la fuerza y el poder oculto de los elementales: Aire, Agua, Tierra; y cerrando con broche de oro: Crep\u00fasculo. <\/span><\/div>\n<div style=\"line-height: normal; margin-bottom: 0.0001pt; text-align: justify;\"><a href=\"http:\/\/1.bp.blogspot.com\/-WPM_hDwmsyY\/T2I7-UJkBLI\/AAAAAAAAAtU\/ho4gKov-EV8\/s1600\/Portada+Universo+M%C3%A1gico+AIRE.jpg\" style=\"clear: left; float: left; margin-bottom: 1em; margin-right: 1em;\"><img decoding=\"async\" border=\"0\" src=\"https:\/\/1.bp.blogspot.com\/-WPM_hDwmsyY\/T2I7-UJkBLI\/AAAAAAAAAtU\/ho4gKov-EV8\/s1600\/Portada+Universo+M%C3%A1gico+AIRE.jpg\" \/><\/a><span lang=\"ES\" style=\"font-family: &quot;times new roman&quot; , &quot;serif&quot;; font-size: 12pt;\">Su autor, V\u00edctor Morata, nos ofrece una visi\u00f3n muy particular de las manifestaciones espirituales en cualquiera de las formas que la religi\u00f3n o las creencias populares y tradicionales les atribuyen. Fruto de un entrenamiento riguroso atendiendo al origen de las creencias que le sirven de base, este bestiario parece nacer con la vocaci\u00f3n de abarcar el conjunto de fen\u00f3menos que la magia es susceptible de enmarcar dentro de sus propias tendencias. Cada historia es independiente del resto pero a su vez supeditada a los propios l\u00edmites de la existencia de otros mundos u otras dimensiones. Adentr\u00e9monos pues en este Universo por dem\u00e1s estremecedor donde la maravilla de lo sobrenatural nos invita a explorar nuevos territorios.<\/span><\/div>\n<div style=\"line-height: normal; margin-bottom: 0.0001pt; text-align: justify;\"><\/div>\n<div style=\"line-height: normal; margin-bottom: 0.0001pt;\"><span lang=\"ES\" style=\"font-family: &quot;times new roman&quot; , &quot;serif&quot;; font-size: 12pt;\">Sobre el autor: V\u00edctor Morata Cortado<\/span><\/div>\n<div style=\"line-height: normal; margin-bottom: 0.0001pt; text-align: justify;\"><i><span lang=\"ES\" style=\"font-family: &quot;times new roman&quot; , &quot;serif&quot;; font-size: 12pt;\">Para m\u00e1s informaci\u00f3n los invito a leer la entrevista: \u201cConversaci\u00f3n con V\u00edctor Morata Cortado\u201d realizada en este mismo blog.<\/span><\/i><\/div>\n<div style=\"line-height: normal;\"><a href=\"http:\/\/4.bp.blogspot.com\/-S9w2VDeKAEE\/T2I8ATmPIRI\/AAAAAAAAAtc\/YivPI0dw6X4\/s1600\/Portada+Universo+M%C3%A1gico+CREP%C3%9ASCULO.jpg\" style=\"clear: left; float: left; margin-bottom: 1em; margin-right: 1em;\"><img decoding=\"async\" border=\"0\" src=\"https:\/\/4.bp.blogspot.com\/-S9w2VDeKAEE\/T2I8ATmPIRI\/AAAAAAAAAtc\/YivPI0dw6X4\/s1600\/Portada+Universo+M%C3%A1gico+CREP%C3%9ASCULO.jpg\" \/><\/a><span lang=\"ES\" style=\"font-family: &quot;times new roman&quot; , &quot;serif&quot;; font-size: 12pt;\">&nbsp;<\/span><\/div>\n<div style=\"line-height: normal;\"><span lang=\"ES\" style=\"font-family: &quot;times new roman&quot; , &quot;serif&quot;; font-size: 12pt;\">Si quieren conocer sobre su quehacer literario ac\u00e1 dejo el enlace.<\/span><\/div>\n<div style=\"line-height: normal;\"><span lang=\"ES\" style=\"font-family: &quot;times new roman&quot; , &quot;serif&quot;; font-size: 12pt;\">Mantiene el espacio: <\/span><span lang=\"EN-US\"><a href=\"http:\/\/mentecreativamente.blogspot.com\/\"><span lang=\"ES\" style=\"font-family: &quot;times new roman&quot; , &quot;serif&quot;; font-size: 12pt;\">http:\/\/mentecreativamente.blogspot.com<\/span><\/a><\/span><span lang=\"ES\" style=\"font-family: &quot;times new roman&quot; , &quot;serif&quot;; font-size: 12pt;\"><\/span><\/div>\n<div style=\"line-height: normal;\"><\/div>\n<\/div>\n<div style=\"clear: both; text-align: center;\"><a href=\"http:\/\/3.bp.blogspot.com\/-HyefYFl7IZs\/T2I78SRKDaI\/AAAAAAAAAtM\/QtI1kTVmzAM\/s1600\/Portada+Universo+M%C3%A1gico+AGUA.jpg\" style=\"clear: left; float: left; margin-bottom: 1em; margin-right: 1em;\"><br \/><\/a><\/div>\n<p><a href=\"http:\/\/1.bp.blogspot.com\/-c2V6PNWeBWI\/T2I8Cpk5qSI\/AAAAAAAAAtk\/q1yk3SNwW40\/s1600\/Portada+Universo+M%C3%A1gico+TIERRA.jpg\" style=\"clear: left; float: left; margin-bottom: 1em; margin-right: 1em;\"><img decoding=\"async\" border=\"0\" src=\"https:\/\/1.bp.blogspot.com\/-c2V6PNWeBWI\/T2I8Cpk5qSI\/AAAAAAAAAtk\/q1yk3SNwW40\/s1600\/Portada+Universo+M%C3%A1gico+TIERRA.jpg\" \/><\/a><\/p>\n<div style=\"line-height: normal; margin-bottom: 0.0001pt; text-align: justify;\"><\/div>\n<\/div>","protected":false},"excerpt":{"rendered":"<p>Desde Murcia nos llega este maravilloso Universo, de la mano de mi querido amigo Morata. Ac\u00e1 dejo plasmada mis impresiones, no sin antes felicitarlo por el conjunto de toda su obra, de la que soy una fiel lectora a la vez que una gran admiradora. Por el largo camino que hemos recorrido en este mundo<\/p>\n<div class=\"more-link-wrap text-center\"><a href=\"https:\/\/letraweb.org\/en\/universo-magico-por-victor-morata-cortado\/\" class=\"more-link btn btn-outline-secondary\">Continuar leyendo<\/a><\/div>","protected":false},"author":2,"featured_media":0,"comment_status":"open","ping_status":"open","sticky":false,"template":"","format":"standard","meta":{"_seopress_robots_primary_cat":"","_seopress_titles_title":"","_seopress_titles_desc":"","_seopress_robots_index":"","iawp_total_views":0,"footnotes":""},"categories":[20],"tags":[],"class_list":["post-1113","post","type-post","status-publish","format-standard","hentry","category-lecturas-recomendadas"],"_links":{"self":[{"href":"https:\/\/letraweb.org\/en\/wp-json\/wp\/v2\/posts\/1113","targetHints":{"allow":["GET"]}}],"collection":[{"href":"https:\/\/letraweb.org\/en\/wp-json\/wp\/v2\/posts"}],"about":[{"href":"https:\/\/letraweb.org\/en\/wp-json\/wp\/v2\/types\/post"}],"author":[{"embeddable":true,"href":"https:\/\/letraweb.org\/en\/wp-json\/wp\/v2\/users\/2"}],"replies":[{"embeddable":true,"href":"https:\/\/letraweb.org\/en\/wp-json\/wp\/v2\/comments?post=1113"}],"version-history":[{"count":0,"href":"https:\/\/letraweb.org\/en\/wp-json\/wp\/v2\/posts\/1113\/revisions"}],"wp:attachment":[{"href":"https:\/\/letraweb.org\/en\/wp-json\/wp\/v2\/media?parent=1113"}],"wp:term":[{"taxonomy":"category","embeddable":true,"href":"https:\/\/letraweb.org\/en\/wp-json\/wp\/v2\/categories?post=1113"},{"taxonomy":"post_tag","embeddable":true,"href":"https:\/\/letraweb.org\/en\/wp-json\/wp\/v2\/tags?post=1113"}],"curies":[{"name":"wp","href":"https:\/\/api.w.org\/{rel}","templated":true}]}}