
{"id":2105,"date":"2023-06-24T05:33:54","date_gmt":"2023-06-24T05:33:54","guid":{"rendered":"https:\/\/letraweb.org\/?p=2105"},"modified":"2023-06-24T05:33:56","modified_gmt":"2023-06-24T05:33:56","slug":"mi-libro-si-no-fuera-de-ti-a-la-venta-en-amazon","status":"publish","type":"post","link":"https:\/\/letraweb.org\/en\/mi-libro-si-no-fuera-de-ti-a-la-venta-en-amazon\/","title":{"rendered":"MI LIBRO \u00abSI NO FUERA DE TI\u00bb A LA VENTA EN AMAZON"},"content":{"rendered":"<p>Hola amigos!!! Ya est\u00e1 a la venta en Amazon mi libro de poemas: \u00abSi no fuera de ti\u00bb (2008), con pr\u00f3logo de mi querido amigo y colega espa\u00f1ol: V\u00edctor Morata.<\/p>\n\n\n\n<p>Agradezco a mi hermano Alain Iglesias , luz en mi camino, por su dise\u00f1o de la bell\u00edsima portada y el trabajo de edici\u00f3n; sin su ayuda nada ser\u00eda posible.<\/p>\n\n\n\n<p>Mi eterna gratitud a V\u00edctor por su constante apoyo en mi trayecto literario y sus palabras en esta introducci\u00f3n.<\/p>\n\n\n\n<p>\ud83d\udc49DESCRIPCI\u00d3N DEL LIBRO:<\/p>\n\n\n\n<p>\u00abSI NO FUERA DE TI, no es una oda a la alegr\u00eda. Predomina la tristeza, la a\u00f1oranza, la necesidad afectiva, el desamparo, la lejan\u00eda, la insoportable separaci\u00f3n, la imposible uni\u00f3n, el amor pasado que no volver\u00e1 y el futuro que nunca ser\u00e1. El poco sitio que ocupa el presente, est\u00e1 cargado de pasi\u00f3n carnal, de besos y caricias, de sudor y movimiento bajo las estrellas\u00bb. \ud83c\udf39<\/p>\n\n\n\n<p>Si les gusta la poes\u00eda, les invito a compartir mi libro de poemas en sus redes sociales. Compartir es una forma maravillosa de ayudar a difundir el arte y la cultura. \u00a1Gracias por su apoyo!<\/p>\n\n\n\n<p>Ac\u00e1 dejo el enlace para quienes deseen adquirirlo:<\/p>\n\n\n\n<figure class=\"wp-block-embed is-type-rich is-provider-amazon wp-block-embed-amazon\"><div class=\"wp-block-embed__wrapper\">\n<iframe loading=\"lazy\" title=\"Si no fuera de ti: Pr\u00f3logo de V\u00edctor Morata (Spanish Edition)\" type=\"text\/html\" width=\"1080\" height=\"550\" frameborder=\"0\" allowfullscreen style=\"max-width:100%\" src=\"https:\/\/read.amazon.com\/kp\/card?preview=inline&#038;linkCode=kpd&#038;ref_=k4w_oembed_HKIWorQQdph6Ir&#038;asin=B0C87SSWTG&#038;tag=kpembed-20\"><\/iframe>\n<\/div><\/figure>","protected":false},"excerpt":{"rendered":"<p>Hola amigos!!! Ya est\u00e1 a la venta en Amazon mi libro de poemas: \u00abSi no fuera de ti\u00bb (2008), con pr\u00f3logo de mi querido amigo y colega espa\u00f1ol: V\u00edctor Morata. Agradezco a mi hermano Alain Iglesias , luz en mi camino, por su dise\u00f1o de la bell\u00edsima portada y el trabajo de edici\u00f3n; sin su<\/p>\n<div class=\"more-link-wrap text-center\"><a href=\"https:\/\/letraweb.org\/en\/mi-libro-si-no-fuera-de-ti-a-la-venta-en-amazon\/\" class=\"more-link btn btn-outline-secondary\">Continuar leyendo<\/a><\/div>","protected":false},"author":2,"featured_media":2106,"comment_status":"open","ping_status":"open","sticky":false,"template":"","format":"standard","meta":{"_seopress_robots_primary_cat":"","_seopress_titles_title":"","_seopress_titles_desc":"","_seopress_robots_index":"","iawp_total_views":2,"footnotes":""},"categories":[39],"tags":[533,516,511,483,462,517,478],"class_list":["post-2105","post","type-post","status-publish","format-standard","has-post-thumbnail","hentry","category-poesia-martha-jacqueline","tag-amazon-kdp","tag-cuba","tag-letraweb","tag-martha-jacqueline-iglesias-herrera","tag-poesia","tag-si-no-fuera-de-ti","tag-victor-morata"],"_links":{"self":[{"href":"https:\/\/letraweb.org\/en\/wp-json\/wp\/v2\/posts\/2105","targetHints":{"allow":["GET"]}}],"collection":[{"href":"https:\/\/letraweb.org\/en\/wp-json\/wp\/v2\/posts"}],"about":[{"href":"https:\/\/letraweb.org\/en\/wp-json\/wp\/v2\/types\/post"}],"author":[{"embeddable":true,"href":"https:\/\/letraweb.org\/en\/wp-json\/wp\/v2\/users\/2"}],"replies":[{"embeddable":true,"href":"https:\/\/letraweb.org\/en\/wp-json\/wp\/v2\/comments?post=2105"}],"version-history":[{"count":1,"href":"https:\/\/letraweb.org\/en\/wp-json\/wp\/v2\/posts\/2105\/revisions"}],"predecessor-version":[{"id":2107,"href":"https:\/\/letraweb.org\/en\/wp-json\/wp\/v2\/posts\/2105\/revisions\/2107"}],"wp:featuredmedia":[{"embeddable":true,"href":"https:\/\/letraweb.org\/en\/wp-json\/wp\/v2\/media\/2106"}],"wp:attachment":[{"href":"https:\/\/letraweb.org\/en\/wp-json\/wp\/v2\/media?parent=2105"}],"wp:term":[{"taxonomy":"category","embeddable":true,"href":"https:\/\/letraweb.org\/en\/wp-json\/wp\/v2\/categories?post=2105"},{"taxonomy":"post_tag","embeddable":true,"href":"https:\/\/letraweb.org\/en\/wp-json\/wp\/v2\/tags?post=2105"}],"curies":[{"name":"wp","href":"https:\/\/api.w.org\/{rel}","templated":true}]}}