
{"id":2130,"date":"2023-09-15T21:30:38","date_gmt":"2023-09-15T21:30:38","guid":{"rendered":"https:\/\/letraweb.org\/?p=2130"},"modified":"2023-09-15T21:30:50","modified_gmt":"2023-09-15T21:30:50","slug":"pablo-neruda-la-poesia-como-voz-del-alma","status":"publish","type":"post","link":"https:\/\/letraweb.org\/en\/pablo-neruda-la-poesia-como-voz-del-alma\/","title":{"rendered":"PABLO NERUDA: \u00abLA POES\u00cdA COMO VOZ DEL ALMA\u00bb"},"content":{"rendered":"<p><\/p>\n\n\n\n<p>\u00abEmpujado por los designios de la tierra como una ola en el mar hacia ti va mi cuerpo. Y t\u00fa, en tu carne, encierras las pupilas sedientas con que mirar\u00e9 cuando estos ojos que tengo se me llenen de tierra\u00bb.<\/p>\n\n\n\n<p>((Parral, Chile, 12 de julio de 1904 \u2013 Santiago, 23 de septiembre de 1973)<\/p>\n\n\n\n<p>LA BANDERA<\/p>\n\n\n\n<p>Lev\u00e1ntate conmigo.<\/p>\n\n\n\n<p>Nadie quisiera<br>como yo quedarse<br>sobre la almohada en que tus p\u00e1rpados<br>quieren cerrar el mundo para m\u00ed.<br>All\u00ed tambi\u00e9n quisiera<br>dejar dormir mi sangre<br>rodeando tu dulzura.<br>Pero lev\u00e1ntate,<br>t\u00fa, lev\u00e1ntate,<br>pero conmigo lev\u00e1ntate<br>y salgamos reunidos<br>a luchar cuerpo a cuerpo<br>contra las telara\u00f1as del malvado,<br>contra el sistema que reparte el hambre,<br>contra la organizaci\u00f3n de la miseria.<\/p>\n\n\n\n<p>Vamos,<br>y t\u00fa, mi estrella, junto a m\u00ed,<br>reci\u00e9n nacida de mi propia arcilla,<br>ya habr\u00e1s hallado el manantial que ocultas<br>y en medio del fuego estar\u00e1s<br>junto a m\u00ed,<br>con tus ojos brav\u00edos,<br>alzando mi bandera.<\/p>\n\n\n\n<p>XXVII<\/p>\n\n\n\n<p>Desnuda eres tan simple como una de tus manos,<br>lisa, terrestre, m\u00ednima, redonda, transparente,<br>tienes l\u00edneas de luna, caminos de manzana,<br>desnuda eres delgada como el trigo desnudo.<\/p>\n\n\n\n<p>Desnuda eres azul como la noche en Cuba,<br>tienes enredaderas y estrellas en el pelo,<br>desnuda eres enorme y amarilla<br>como el verano en una Iglesia de oro.<\/p>\n\n\n\n<p>Desnuda eres peque\u00f1a como una de tus u\u00f1as,<br>curva, sutil, rosada hasta que nace el d\u00eda<br>y te metes en el subterr\u00e1neo del mundo<\/p>\n\n\n\n<p>como en un largo t\u00fanel de trajes y trabajos:<br>tu claridad se apaga, se viste, se deshoja<br>y otra vez vuelve a ser una mano desnuda.<\/p>\n\n\n\n<p>XII<\/p>\n\n\n\n<p>Para mi coraz\u00f3n basta tu pecho,<br>para tu libertad bastan mis alas.<br>Desde mi boca llegar\u00e1 hasta el cielo<br>lo que estaba dormido sobre tu alma.<\/p>\n\n\n\n<p>Es en ti la ilusi\u00f3n de cada d\u00eda.<br>Llegas como el roc\u00edo a las corolas.<br>Socavas el horizonte con tu ausencia.<br>Eternamente en fuga como la ola.<\/p>\n\n\n\n<p>He dicho que cantabas en el viento<br>como los pinos y como los m\u00e1stiles.<br>Como ellos eres alta y taciturna.<br>Y entristeces de pronto, como un viaje.<\/p>\n\n\n\n<p>Acogedora como un viejo camino.<br>Te pueblan ecos y voces nost\u00e1lgicas.<br>Yo despert\u00e9 y a veces emigran y huyen<br>p\u00e1jaros que dorm\u00edan en tu alma.<\/p>\n\n\n\n<p>LX<\/p>\n\n\n\n<p>A ti te hiere aquel que quiso hacerme da\u00f1o,<br>y el golpe del veneno contra m\u00ed dirigido<br>como por una red pasa entre mis trabajos<br>y en ti deja una mancha de \u00f3xido y desvelo.<\/p>\n\n\n\n<p>No quiero ver, amor, en la luna florida<br>de tu frente cruzar el odio que me acecha.<br>No quiero que en tu sue\u00f1o deje el rencor ajeno<br>olvidada su in\u00fatil corona de cuchillos.<\/p>\n\n\n\n<p>Donde voy van detr\u00e1s de m\u00ed pasos amargos,<br>donde r\u00edo una mueca de horror copia mi cara,<br>donde canto la envidia maldice, r\u00ede, y roe.<\/p>\n\n\n\n<p>Y es \u00e9sa, amor, la sombra que la vida me ha dado:<br>es un traje vac\u00edo que me sigue cojeando<br>como un espantap\u00e1jaros de sonrisa sangrienta.<\/p>","protected":false},"excerpt":{"rendered":"<p>\u00abEmpujado por los designios de la tierra como una ola en el mar hacia ti va mi cuerpo. Y t\u00fa, en tu carne, encierras las pupilas sedientas con que mirar\u00e9 cuando estos ojos que tengo se me llenen de tierra\u00bb. ((Parral, Chile, 12 de julio de 1904 \u2013 Santiago, 23 de septiembre de 1973) LA<\/p>\n<div class=\"more-link-wrap text-center\"><a href=\"https:\/\/letraweb.org\/en\/pablo-neruda-la-poesia-como-voz-del-alma\/\" class=\"more-link btn btn-outline-secondary\">Continuar leyendo<\/a><\/div>","protected":false},"author":2,"featured_media":2131,"comment_status":"open","ping_status":"open","sticky":false,"template":"","format":"standard","meta":{"_seopress_robots_primary_cat":"","_seopress_titles_title":"","_seopress_titles_desc":"","_seopress_robots_index":"","iawp_total_views":27,"footnotes":""},"categories":[29],"tags":[537,511,465],"class_list":["post-2130","post","type-post","status-publish","format-standard","has-post-thumbnail","hentry","category-autores","tag-autores","tag-letraweb","tag-pablo-neruda"],"_links":{"self":[{"href":"https:\/\/letraweb.org\/en\/wp-json\/wp\/v2\/posts\/2130","targetHints":{"allow":["GET"]}}],"collection":[{"href":"https:\/\/letraweb.org\/en\/wp-json\/wp\/v2\/posts"}],"about":[{"href":"https:\/\/letraweb.org\/en\/wp-json\/wp\/v2\/types\/post"}],"author":[{"embeddable":true,"href":"https:\/\/letraweb.org\/en\/wp-json\/wp\/v2\/users\/2"}],"replies":[{"embeddable":true,"href":"https:\/\/letraweb.org\/en\/wp-json\/wp\/v2\/comments?post=2130"}],"version-history":[{"count":1,"href":"https:\/\/letraweb.org\/en\/wp-json\/wp\/v2\/posts\/2130\/revisions"}],"predecessor-version":[{"id":2132,"href":"https:\/\/letraweb.org\/en\/wp-json\/wp\/v2\/posts\/2130\/revisions\/2132"}],"wp:featuredmedia":[{"embeddable":true,"href":"https:\/\/letraweb.org\/en\/wp-json\/wp\/v2\/media\/2131"}],"wp:attachment":[{"href":"https:\/\/letraweb.org\/en\/wp-json\/wp\/v2\/media?parent=2130"}],"wp:term":[{"taxonomy":"category","embeddable":true,"href":"https:\/\/letraweb.org\/en\/wp-json\/wp\/v2\/categories?post=2130"},{"taxonomy":"post_tag","embeddable":true,"href":"https:\/\/letraweb.org\/en\/wp-json\/wp\/v2\/tags?post=2130"}],"curies":[{"name":"wp","href":"https:\/\/api.w.org\/{rel}","templated":true}]}}