
{"id":2382,"date":"2024-04-30T02:58:48","date_gmt":"2024-04-30T02:58:48","guid":{"rendered":"https:\/\/letraweb.org\/?p=2382"},"modified":"2024-04-30T02:58:51","modified_gmt":"2024-04-30T02:58:51","slug":"mi-guerrero","status":"publish","type":"post","link":"https:\/\/letraweb.org\/en\/mi-guerrero\/","title":{"rendered":"MI GUERRERO"},"content":{"rendered":"<p><\/p>\n\n\n\n<p>Tengo un pecado maduro, casi fiero,<br>desnud\u00e1ndome el cuerpo\u2026 mi guerrero,<br>con un vicio de fuego milenario.<\/p>\n\n\n\n<p>Tengo tu boca mordi\u00e9ndome la carne,<br>roz\u00e1ndome -de sur a norte- la locura,<br>tengo un gusto en la piel que sabe a amarte,<br>que se qued\u00f3 prendido en mi cintura.<\/p>\n\n\n\n<p>Tengo tu nombre clavado en la garganta<br>y un beso que de lejos me perdura,<br>un \u00abte quiero\u00bb sahumado por las horas,<br>una flor y, en tus manos, la ternura.<\/p>\n\n\n\n<p>Tengo este verso hilado por el viento<br>en el cielo de estar, en este lunes,<br>tengo una sed de \u00absiempre\u00bb y \u00abyo s\u00ed puedo\u00bb<br>siguiendo en cada rastro, tu perfume.<\/p>\n\n\n\n<p>Martha Jacqueline Iglesias Herrera<br>DEL POEMARIO: \u00abEMBRUJO DE VISI\u00d3N\u00bb<br>(2022)<\/p>\n\n\n\n<p>Poema ilustrado con la obra de la pintora polaca Lidia Wylangowska<\/p>","protected":false},"excerpt":{"rendered":"<p>Tengo un pecado maduro, casi fiero,desnud\u00e1ndome el cuerpo\u2026 mi guerrero,con un vicio de fuego milenario. Tengo tu boca mordi\u00e9ndome la carne,roz\u00e1ndome -de sur a norte- la locura,tengo un gusto en la piel que sabe a amarte,que se qued\u00f3 prendido en mi cintura. Tengo tu nombre clavado en la gargantay un beso que de lejos me<\/p>\n<div class=\"more-link-wrap text-center\"><a href=\"https:\/\/letraweb.org\/en\/mi-guerrero\/\" class=\"more-link btn btn-outline-secondary\">Continuar leyendo<\/a><\/div>","protected":false},"author":2,"featured_media":2383,"comment_status":"open","ping_status":"open","sticky":false,"template":"","format":"standard","meta":{"_seopress_robots_primary_cat":"","_seopress_titles_title":"","_seopress_titles_desc":"","_seopress_robots_index":"","iawp_total_views":5,"footnotes":""},"categories":[39],"tags":[516,576,511,483,596,462],"class_list":["post-2382","post","type-post","status-publish","format-standard","has-post-thumbnail","hentry","category-poesia-martha-jacqueline","tag-cuba","tag-embrujo-de-vision","tag-letraweb","tag-martha-jacqueline-iglesias-herrera","tag-mi-guerrero","tag-poesia"],"_links":{"self":[{"href":"https:\/\/letraweb.org\/en\/wp-json\/wp\/v2\/posts\/2382","targetHints":{"allow":["GET"]}}],"collection":[{"href":"https:\/\/letraweb.org\/en\/wp-json\/wp\/v2\/posts"}],"about":[{"href":"https:\/\/letraweb.org\/en\/wp-json\/wp\/v2\/types\/post"}],"author":[{"embeddable":true,"href":"https:\/\/letraweb.org\/en\/wp-json\/wp\/v2\/users\/2"}],"replies":[{"embeddable":true,"href":"https:\/\/letraweb.org\/en\/wp-json\/wp\/v2\/comments?post=2382"}],"version-history":[{"count":1,"href":"https:\/\/letraweb.org\/en\/wp-json\/wp\/v2\/posts\/2382\/revisions"}],"predecessor-version":[{"id":2384,"href":"https:\/\/letraweb.org\/en\/wp-json\/wp\/v2\/posts\/2382\/revisions\/2384"}],"wp:featuredmedia":[{"embeddable":true,"href":"https:\/\/letraweb.org\/en\/wp-json\/wp\/v2\/media\/2383"}],"wp:attachment":[{"href":"https:\/\/letraweb.org\/en\/wp-json\/wp\/v2\/media?parent=2382"}],"wp:term":[{"taxonomy":"category","embeddable":true,"href":"https:\/\/letraweb.org\/en\/wp-json\/wp\/v2\/categories?post=2382"},{"taxonomy":"post_tag","embeddable":true,"href":"https:\/\/letraweb.org\/en\/wp-json\/wp\/v2\/tags?post=2382"}],"curies":[{"name":"wp","href":"https:\/\/api.w.org\/{rel}","templated":true}]}}