
{"id":2559,"date":"2024-08-23T02:34:29","date_gmt":"2024-08-23T02:34:29","guid":{"rendered":"https:\/\/letraweb.org\/?p=2559"},"modified":"2024-08-23T02:34:32","modified_gmt":"2024-08-23T02:34:32","slug":"deberiamos","status":"publish","type":"post","link":"https:\/\/letraweb.org\/en\/deberiamos\/","title":{"rendered":"DEBER\u00cdAMOS"},"content":{"rendered":"<p><\/p>\n\n\n\n<p>Deber\u00edamos nacer ancianos,<br>despiertos, capaces de decidir<br>nuestro destino en la Tierra,<br>saber desde la primera encrucijada<br>qu\u00e9 camino tomar<br>y que irresponsable s\u00f3lo sea<br>el deseo de ir m\u00e1s lejos.<br>Despu\u00e9s, hacernos al caminar,<br>a\u00fan m\u00e1s y m\u00e1s j\u00f3venes,<br>maduros y fuertes alcanzar<br>las puertas de la creaci\u00f3n,<br>traspasarlas y entrar enamorados<br>a la adolescencia,<br>ser ni\u00f1os cuando nazcan nuestros hijos.<br>Igual ser\u00edan siempre m\u00e1s viejos que nosotros,<br>nos ense\u00f1ar\u00edan a hablar,<br>y nos mecer\u00edan para dormirnos,<br>desaparecer\u00edamos cada vez m\u00e1s,<br>ser\u00edamos cada vez m\u00e1s peque\u00f1os,<br>como un granito de uva, de arveja o de trigo\u2026<\/p>\n\n\n\n<p>\ud83d\udc49SOBRE LA AUTORA:<\/p>\n\n\n\n<p>Ana Blandiana (seud\u00f3nimo de Otilia Valeria Coman; Timi\u0219oara, 1942) es una poeta, narradora, ensayista y figura pol\u00edtica rumana.<br>Ha sido galardonada el 23 de mayo con el Premio Princesa de Asturias de las Letras 2024.<\/p>","protected":false},"excerpt":{"rendered":"<p>Deber\u00edamos nacer ancianos,despiertos, capaces de decidirnuestro destino en la Tierra,saber desde la primera encrucijadaqu\u00e9 camino tomary que irresponsable s\u00f3lo seael deseo de ir m\u00e1s lejos.Despu\u00e9s, hacernos al caminar,a\u00fan m\u00e1s y m\u00e1s j\u00f3venes,maduros y fuertes alcanzarlas puertas de la creaci\u00f3n,traspasarlas y entrar enamoradosa la adolescencia,ser ni\u00f1os cuando nazcan nuestros hijos.Igual ser\u00edan siempre m\u00e1s viejos que nosotros,nos<\/p>\n<div class=\"more-link-wrap text-center\"><a href=\"https:\/\/letraweb.org\/en\/deberiamos\/\" class=\"more-link btn btn-outline-secondary\">Continuar leyendo<\/a><\/div>","protected":false},"author":2,"featured_media":2560,"comment_status":"open","ping_status":"open","sticky":false,"template":"","format":"standard","meta":{"_seopress_robots_primary_cat":"","_seopress_titles_title":"","_seopress_titles_desc":"","_seopress_robots_index":"","iawp_total_views":1,"footnotes":""},"categories":[29,114],"tags":[632,633,511,634],"class_list":["post-2559","post","type-post","status-publish","format-standard","has-post-thumbnail","hentry","category-autores","category-para-la-vida","tag-ana-blandiana","tag-deberiamos","tag-letraweb","tag-rumania"],"_links":{"self":[{"href":"https:\/\/letraweb.org\/en\/wp-json\/wp\/v2\/posts\/2559","targetHints":{"allow":["GET"]}}],"collection":[{"href":"https:\/\/letraweb.org\/en\/wp-json\/wp\/v2\/posts"}],"about":[{"href":"https:\/\/letraweb.org\/en\/wp-json\/wp\/v2\/types\/post"}],"author":[{"embeddable":true,"href":"https:\/\/letraweb.org\/en\/wp-json\/wp\/v2\/users\/2"}],"replies":[{"embeddable":true,"href":"https:\/\/letraweb.org\/en\/wp-json\/wp\/v2\/comments?post=2559"}],"version-history":[{"count":1,"href":"https:\/\/letraweb.org\/en\/wp-json\/wp\/v2\/posts\/2559\/revisions"}],"predecessor-version":[{"id":2561,"href":"https:\/\/letraweb.org\/en\/wp-json\/wp\/v2\/posts\/2559\/revisions\/2561"}],"wp:featuredmedia":[{"embeddable":true,"href":"https:\/\/letraweb.org\/en\/wp-json\/wp\/v2\/media\/2560"}],"wp:attachment":[{"href":"https:\/\/letraweb.org\/en\/wp-json\/wp\/v2\/media?parent=2559"}],"wp:term":[{"taxonomy":"category","embeddable":true,"href":"https:\/\/letraweb.org\/en\/wp-json\/wp\/v2\/categories?post=2559"},{"taxonomy":"post_tag","embeddable":true,"href":"https:\/\/letraweb.org\/en\/wp-json\/wp\/v2\/tags?post=2559"}],"curies":[{"name":"wp","href":"https:\/\/api.w.org\/{rel}","templated":true}]}}