
{"id":2562,"date":"2024-08-23T02:37:35","date_gmt":"2024-08-23T02:37:35","guid":{"rendered":"https:\/\/letraweb.org\/?p=2562"},"modified":"2024-08-23T02:37:38","modified_gmt":"2024-08-23T02:37:38","slug":"pero-la-vida","status":"publish","type":"post","link":"https:\/\/letraweb.org\/en\/pero-la-vida\/","title":{"rendered":"PERO LA VIDA"},"content":{"rendered":"<p><\/p>\n\n\n\n<p>No soy mujer de multitudes ni inevitable<br>en los c\u00edrculos de amigos..<br>Mis amigos son pocos pero muchos.<br>Vivo el drama de todos<br>y me desnudo el alma<br>cundo toca.<\/p>\n\n\n\n<p>Amo el vino callado.<br>La palabra tranquila.<br>Extra\u00f1o de veras los poemas que no escrib\u00ed.<br>As\u00ed transcurre mi existencia<br>en abandonos aparentes.<br>Pero la vida me cuenta sus secretos.<\/p>\n\n\n\n<p>\ud83d\udc49 SOBRE LA AUTORA:<\/p>\n\n\n\n<p>Ana Ilce G\u00f3mez Ortega (Masaya, 28 de octubre de 1944 &#8211; 1 de noviembre de 2017). fue una poeta y periodista nicarag\u00fcense, miembro de la Academia Nicarag\u00fcense de la Lengua desde el 2006.<br>Destacada figura de la poes\u00eda contempor\u00e1nea nicarag\u00fcense. Fue madre soltera y asumi\u00f3 la causa y la lucha por los derechos y reivindicaciones de las mujeres.<\/p>","protected":false},"excerpt":{"rendered":"<p>No soy mujer de multitudes ni inevitableen los c\u00edrculos de amigos..Mis amigos son pocos pero muchos.Vivo el drama de todosy me desnudo el almacundo toca. Amo el vino callado.La palabra tranquila.Extra\u00f1o de veras los poemas que no escrib\u00ed.As\u00ed transcurre mi existenciaen abandonos aparentes.Pero la vida me cuenta sus secretos. \ud83d\udc49 SOBRE LA AUTORA: Ana Ilce<\/p>\n<div class=\"more-link-wrap text-center\"><a href=\"https:\/\/letraweb.org\/en\/pero-la-vida\/\" class=\"more-link btn btn-outline-secondary\">Continuar leyendo<\/a><\/div>","protected":false},"author":2,"featured_media":2563,"comment_status":"open","ping_status":"open","sticky":false,"template":"","format":"standard","meta":{"_seopress_robots_primary_cat":"","_seopress_titles_title":"","_seopress_titles_desc":"","_seopress_robots_index":"","iawp_total_views":1,"footnotes":""},"categories":[29],"tags":[635,511,637,636],"class_list":["post-2562","post","type-post","status-publish","format-standard","has-post-thumbnail","hentry","category-autores","tag-ana-ilce-gomez","tag-letraweb","tag-nicaragua","tag-pero-la-vida"],"_links":{"self":[{"href":"https:\/\/letraweb.org\/en\/wp-json\/wp\/v2\/posts\/2562","targetHints":{"allow":["GET"]}}],"collection":[{"href":"https:\/\/letraweb.org\/en\/wp-json\/wp\/v2\/posts"}],"about":[{"href":"https:\/\/letraweb.org\/en\/wp-json\/wp\/v2\/types\/post"}],"author":[{"embeddable":true,"href":"https:\/\/letraweb.org\/en\/wp-json\/wp\/v2\/users\/2"}],"replies":[{"embeddable":true,"href":"https:\/\/letraweb.org\/en\/wp-json\/wp\/v2\/comments?post=2562"}],"version-history":[{"count":1,"href":"https:\/\/letraweb.org\/en\/wp-json\/wp\/v2\/posts\/2562\/revisions"}],"predecessor-version":[{"id":2564,"href":"https:\/\/letraweb.org\/en\/wp-json\/wp\/v2\/posts\/2562\/revisions\/2564"}],"wp:featuredmedia":[{"embeddable":true,"href":"https:\/\/letraweb.org\/en\/wp-json\/wp\/v2\/media\/2563"}],"wp:attachment":[{"href":"https:\/\/letraweb.org\/en\/wp-json\/wp\/v2\/media?parent=2562"}],"wp:term":[{"taxonomy":"category","embeddable":true,"href":"https:\/\/letraweb.org\/en\/wp-json\/wp\/v2\/categories?post=2562"},{"taxonomy":"post_tag","embeddable":true,"href":"https:\/\/letraweb.org\/en\/wp-json\/wp\/v2\/tags?post=2562"}],"curies":[{"name":"wp","href":"https:\/\/api.w.org\/{rel}","templated":true}]}}