
{"id":2611,"date":"2024-11-15T04:11:47","date_gmt":"2024-11-15T04:11:47","guid":{"rendered":"https:\/\/letraweb.org\/?p=2611"},"modified":"2024-11-15T04:13:57","modified_gmt":"2024-11-15T04:13:57","slug":"los-portadores-de-arion","status":"publish","type":"post","link":"https:\/\/letraweb.org\/en\/los-portadores-de-arion\/","title":{"rendered":"LOS PORTADORES DE ARION"},"content":{"rendered":"<p>\u2015\u00bfY qu\u00e9 son esas escrituras? \u2015pregunt\u00e9 al tiempo que colocaba la taza de t\u00e9 en la mesa de centro.<\/p>\n\n\n\n<p>\u2015Rom\u00e0n\u2026 no tengo autorizaci\u00f3n para decirle mucho m\u00e1s, debe bastarle con saber que son algo as\u00ed como un \u00abManifiesto de la Muerte\u00bb.<\/p>\n\n\n\n<p>Yo me qued\u00e9 analizando sus palabras por unos segundos.<\/p>\n\n\n\n<p>\u2015Y el s\u00edmbolo, \u00bfqu\u00e9 significa? \u2015pregunt\u00e9 con ansiedad.<\/p>\n\n\n\n<p>\u2015El s\u00edmbolo es la expresi\u00f3n gr\u00e1fica de Arion, un emblema celeste a\u00fan no descubierto por la humanidad. Significa \u00abIra Encendida\u00bb. Cada vez que aparece augura cambios y transformaciones importantes en el curso del destino del g\u00e9nero humano. Sus portadores, parad\u00f3jicamente, son un canal por el que acceden esas poderos\u00edsimas fuerzas estelares; y, como dato adicional, debe saber que son perseguidos por una Orden Secreta llamada \u00abAriof\u00bb.<\/p>\n\n\n\n<p>Martha Jacqueline Iglesias Herrera<\/p>\n\n\n\n<p>Fragmento de \u00abLOS PORTADORES DE ARION\u00bb, del libro de relatos: C\u00d3DIGO DIE (2024)<\/p>","protected":false},"excerpt":{"rendered":"<p>\u2015\u00bfY qu\u00e9 son esas escrituras? \u2015pregunt\u00e9 al tiempo que colocaba la taza de t\u00e9 en la mesa de centro. \u2015Rom\u00e0n\u2026 no tengo autorizaci\u00f3n para decirle mucho m\u00e1s, debe bastarle con saber que son algo as\u00ed como un \u00abManifiesto de la Muerte\u00bb. Yo me qued\u00e9 analizando sus palabras por unos segundos. \u2015Y el s\u00edmbolo, \u00bfqu\u00e9 significa?<\/p>\n<div class=\"more-link-wrap text-center\"><a href=\"https:\/\/letraweb.org\/en\/los-portadores-de-arion\/\" class=\"more-link btn btn-outline-secondary\">Continuar leyendo<\/a><\/div>","protected":false},"author":2,"featured_media":2613,"comment_status":"open","ping_status":"open","sticky":false,"template":"","format":"standard","meta":{"_seopress_robots_primary_cat":"","_seopress_titles_title":"","_seopress_titles_desc":"","_seopress_robots_index":"","iawp_total_views":23,"footnotes":""},"categories":[52],"tags":[511,653,483],"class_list":["post-2611","post","type-post","status-publish","format-standard","has-post-thumbnail","hentry","category-narrativa-martha-jacqueline","tag-letraweb","tag-los-portadores-de-arion","tag-martha-jacqueline-iglesias-herrera"],"_links":{"self":[{"href":"https:\/\/letraweb.org\/en\/wp-json\/wp\/v2\/posts\/2611","targetHints":{"allow":["GET"]}}],"collection":[{"href":"https:\/\/letraweb.org\/en\/wp-json\/wp\/v2\/posts"}],"about":[{"href":"https:\/\/letraweb.org\/en\/wp-json\/wp\/v2\/types\/post"}],"author":[{"embeddable":true,"href":"https:\/\/letraweb.org\/en\/wp-json\/wp\/v2\/users\/2"}],"replies":[{"embeddable":true,"href":"https:\/\/letraweb.org\/en\/wp-json\/wp\/v2\/comments?post=2611"}],"version-history":[{"count":1,"href":"https:\/\/letraweb.org\/en\/wp-json\/wp\/v2\/posts\/2611\/revisions"}],"predecessor-version":[{"id":2612,"href":"https:\/\/letraweb.org\/en\/wp-json\/wp\/v2\/posts\/2611\/revisions\/2612"}],"wp:featuredmedia":[{"embeddable":true,"href":"https:\/\/letraweb.org\/en\/wp-json\/wp\/v2\/media\/2613"}],"wp:attachment":[{"href":"https:\/\/letraweb.org\/en\/wp-json\/wp\/v2\/media?parent=2611"}],"wp:term":[{"taxonomy":"category","embeddable":true,"href":"https:\/\/letraweb.org\/en\/wp-json\/wp\/v2\/categories?post=2611"},{"taxonomy":"post_tag","embeddable":true,"href":"https:\/\/letraweb.org\/en\/wp-json\/wp\/v2\/tags?post=2611"}],"curies":[{"name":"wp","href":"https:\/\/api.w.org\/{rel}","templated":true}]}}