
{"id":2624,"date":"2024-11-22T19:53:14","date_gmt":"2024-11-22T19:53:14","guid":{"rendered":"https:\/\/letraweb.org\/?p=2624"},"modified":"2024-11-22T19:53:18","modified_gmt":"2024-11-22T19:53:18","slug":"anoranza-y-olvido","status":"publish","type":"post","link":"https:\/\/letraweb.org\/en\/anoranza-y-olvido\/","title":{"rendered":"A\u00d1ORANZA Y OLVIDO"},"content":{"rendered":"<p>Comparto un poema que escrib\u00ed cuando ten\u00eda 11 a\u00f1os de edad, y que pertenece al POEMARIO: \u00abCORAZ\u00d3N DE CRISTAL\u00bb. Lo acompa\u00f1a una foto de esa \u00e9poca.<\/p>\n\n\n\n<p>A\u00d1ORANZA Y OLVIDO \ud83d\udc95<\/p>\n\n\n\n<p>Me hace da\u00f1o pensar en tu persona<br>me lastima que puedas regresar<br>siento miedo de enfrentarme a tu mirada<br>y a la dicha de poderte contemplar.<\/p>\n\n\n\n<p>M\u00e1s, \u00bfc\u00f3mo puedo pensar en tu regreso?<br>si tu presencia yo debo de olvidar<br>borrando la dulzura de tus besos<br>y esa forma tan tuya de adorar.<\/p>\n\n\n\n<p>\u00bfC\u00f3mo puedo pensar en encontrarte<br>aunque fuese tan solo una vez m\u00e1s?<br>Si juramos que este amor inaccesible<br>enterrado en el pasado ha de quedar.<\/p>\n\n\n\n<p>Aunque extra\u00f1e aquel ayer que un d\u00eda vivimos<br>es in\u00fatil tratarnos de enga\u00f1ar<br>aunque haya lazos m\u00e1s fuertes que el olvido<br>y existan huellas imposibles de borrar.<\/p>\n\n\n\n<p>Martha Jacqueline Iglesias Herrera<\/p>\n\n\n\n<p>DEL POEMARIO: \u00abCORAZ\u00d3N DE CRISTAL\u00bb<br>(1987)<\/p>","protected":false},"excerpt":{"rendered":"<p>Comparto un poema que escrib\u00ed cuando ten\u00eda 11 a\u00f1os de edad, y que pertenece al POEMARIO: \u00abCORAZ\u00d3N DE CRISTAL\u00bb. Lo acompa\u00f1a una foto de esa \u00e9poca. A\u00d1ORANZA Y OLVIDO \ud83d\udc95 Me hace da\u00f1o pensar en tu personame lastima que puedas regresarsiento miedo de enfrentarme a tu miraday a la dicha de poderte contemplar. M\u00e1s, \u00bfc\u00f3mo<\/p>\n<div class=\"more-link-wrap text-center\"><a href=\"https:\/\/letraweb.org\/en\/anoranza-y-olvido\/\" class=\"more-link btn btn-outline-secondary\">Continuar leyendo<\/a><\/div>","protected":false},"author":2,"featured_media":2625,"comment_status":"open","ping_status":"open","sticky":false,"template":"","format":"standard","meta":{"_seopress_robots_primary_cat":"","_seopress_titles_title":"","_seopress_titles_desc":"","_seopress_robots_index":"","iawp_total_views":21,"footnotes":""},"categories":[39],"tags":[657,511,483],"class_list":["post-2624","post","type-post","status-publish","format-standard","has-post-thumbnail","hentry","category-poesia-martha-jacqueline","tag-anoranza-y-olvido","tag-letraweb","tag-martha-jacqueline-iglesias-herrera"],"_links":{"self":[{"href":"https:\/\/letraweb.org\/en\/wp-json\/wp\/v2\/posts\/2624","targetHints":{"allow":["GET"]}}],"collection":[{"href":"https:\/\/letraweb.org\/en\/wp-json\/wp\/v2\/posts"}],"about":[{"href":"https:\/\/letraweb.org\/en\/wp-json\/wp\/v2\/types\/post"}],"author":[{"embeddable":true,"href":"https:\/\/letraweb.org\/en\/wp-json\/wp\/v2\/users\/2"}],"replies":[{"embeddable":true,"href":"https:\/\/letraweb.org\/en\/wp-json\/wp\/v2\/comments?post=2624"}],"version-history":[{"count":1,"href":"https:\/\/letraweb.org\/en\/wp-json\/wp\/v2\/posts\/2624\/revisions"}],"predecessor-version":[{"id":2626,"href":"https:\/\/letraweb.org\/en\/wp-json\/wp\/v2\/posts\/2624\/revisions\/2626"}],"wp:featuredmedia":[{"embeddable":true,"href":"https:\/\/letraweb.org\/en\/wp-json\/wp\/v2\/media\/2625"}],"wp:attachment":[{"href":"https:\/\/letraweb.org\/en\/wp-json\/wp\/v2\/media?parent=2624"}],"wp:term":[{"taxonomy":"category","embeddable":true,"href":"https:\/\/letraweb.org\/en\/wp-json\/wp\/v2\/categories?post=2624"},{"taxonomy":"post_tag","embeddable":true,"href":"https:\/\/letraweb.org\/en\/wp-json\/wp\/v2\/tags?post=2624"}],"curies":[{"name":"wp","href":"https:\/\/api.w.org\/{rel}","templated":true}]}}