
{"id":860,"date":"2017-12-11T15:41:00","date_gmt":"2017-12-11T15:41:00","guid":{"rendered":"https:\/\/letraweb.org\/octavio-fernandez-zotes-para-mi-la-poesia-es-introspeccion-busqueda-pregunta-casi-nunca-respuesta-concreta-a-nada-apenas-algun-desvelamiento\/"},"modified":"2023-01-02T04:43:08","modified_gmt":"2023-01-02T04:43:08","slug":"octavio-fernandez-zotes-para-mi-la-poesia-es-introspeccion-busqueda-pregunta-casi-nunca-respuesta-concreta-a-nada-apenas-algun-desvelamiento","status":"publish","type":"post","link":"https:\/\/letraweb.org\/en\/octavio-fernandez-zotes-para-mi-la-poesia-es-introspeccion-busqueda-pregunta-casi-nunca-respuesta-concreta-a-nada-apenas-algun-desvelamiento\/","title":{"rendered":"OCTAVIO FERN\u00c1NDEZ ZOTES: \u201cPara m\u00ed la poes\u00eda es introspecci\u00f3n, b\u00fasqueda, pregunta, casi nunca respuesta concreta a nada. Apenas alg\u00fan desvelamiento\u201d."},"content":{"rendered":"<div dir=\"ltr\" style=\"text-align: left;\">Por Martha Jacqueline Iglesias Herrera<\/div>\n<div dir=\"ltr\" style=\"text-align: left;\">\n<div style=\"clear: both; text-align: center;\"><a style=\"margin-left: 1em; margin-right: 1em;\" href=\"https:\/\/1.bp.blogspot.com\/--jfVd5ljWEM\/Wi6m5Qcf-qI\/AAAAAAAAAP0\/VpFQWpl7s9cv7oJkKddadJatmRGF0ivAwCLcBGAs\/s1600\/OCTAVIO.jpg\"><img loading=\"lazy\" decoding=\"async\" src=\"https:\/\/1.bp.blogspot.com\/--jfVd5ljWEM\/Wi6m5Qcf-qI\/AAAAAAAAAP0\/VpFQWpl7s9cv7oJkKddadJatmRGF0ivAwCLcBGAs\/s320\/OCTAVIO.jpg\" width=\"225\" height=\"320\" border=\"0\" data-original-height=\"267\" data-original-width=\"189\"><\/a><\/div>\n<div style=\"text-align: justify;\"><span lang=\"ES\" style=\"font-family: 'palatino linotype' , serif; font-size: 12pt;\">&nbsp;<\/span><\/div>\n<div style=\"text-align: justify;\"><span lang=\"ES\" style=\"font-family: 'palatino linotype' , serif; font-size: 12pt;\">Hoy tengo el placer de entrevistar en Letraweb a un querid\u00edsimo amigo que comparti\u00f3 durante mucho tiempo sus creaciones po\u00e9ticas en este blog. Un hombre de una sensibilidad muy especial, un poeta cabal. Le damos la Bienvenida y espero que los lectores del blog disfruten de esta entrevista exclusiva.<\/span><\/div>\n<div style=\"line-height: normal; margin: 12pt 0cm 0cm; text-align: justify;\"><span lang=\"ES\" style=\"font-family: 'palatino linotype' , serif; font-size: 12pt;\">Octavio Fern\u00e1ndez Zotes naci\u00f3 en Caba\u00f1eros, peque\u00f1a pedan\u00eda del municipio de Laguna de Negrillos (Le\u00f3n, Espa\u00f1a) en Enero de 1935.<\/span><\/div>\n<div style=\"line-height: normal; margin: 12pt 0cm 0cm; text-align: justify;\"><span lang=\"ES\" style=\"font-family: 'palatino linotype' , serif; font-size: 12pt;\">Hizo sus estudios primarios y secundarios en Astorga y Le\u00f3n.<\/span><\/div>\n<div style=\"line-height: normal; margin: 12pt 0cm 0cm; text-align: justify;\"><span lang=\"ES\" style=\"font-family: 'palatino linotype' , serif; font-size: 12pt;\">Se licenci\u00f3 en Medicina en Valladolid. Durante sus a\u00f1os de universitario asisti\u00f3 y particip\u00f3 en cuantos acontecimientos culturales o literarios le permitieron sus estudios. Colabor\u00f3 y fue director de la revista universitaria \u00abAmbiente\u00bb, y en ella public\u00f3 algunos art\u00edculos, narraciones y poemas.<\/span><\/p>\n<p><a name=\"more\"><\/a><span lang=\"ES\" style=\"font-family: 'palatino linotype' , serif; font-size: 12pt;\">Como pediatra, ejerci\u00f3 durante 37 a\u00f1os en Galdakao (Vizcaya. Espa\u00f1a).<br \/>\nFinalizado este ciclo profesional se pregunt\u00f3 si habr\u00eda vida despu\u00e9s de la medicina y se dijo \u00bfPor qu\u00e9 no en la poes\u00eda? Desempolv\u00f3 las viejas carpetas que yac\u00edan en el \u00faltimo caj\u00f3n de su despacho y retom\u00f3 los escritos. <\/span><\/p>\n<\/div>\n<div style=\"line-height: normal; margin: 12pt 0cm 0cm; text-align: justify;\"><span lang=\"ES\" style=\"font-family: 'palatino linotype' , serif; font-size: 12pt;\">Fruto de ello son los poemarios: <\/span><\/div>\n<div style=\"line-height: normal; margin-bottom: 0cm; text-align: justify;\"><span lang=\"ES\" style=\"font-family: 'palatino linotype' , serif; font-size: 12pt;\">\u201cEn las zarzas del camino\u201d Editorial Erroteta 2005.<\/span><\/div>\n<div style=\"line-height: normal; margin-bottom: 0cm; text-align: justify;\"><span lang=\"ES\" style=\"font-family: 'palatino linotype' , serif; font-size: 12pt;\">\u201cMemorial inacabado\u201d Ediciones Hontanar<span style=\"mso-spacerun: yes;\">&nbsp; <\/span>2006.<\/span><\/div>\n<div style=\"line-height: normal; margin-bottom: 0cm; text-align: justify;\"><span lang=\"ES\" style=\"font-family: 'palatino linotype' , serif; font-size: 12pt;\">\u201cAn\u00f3nimo viajero\u201d Ediciones Hontanar 2009.<\/span><\/div>\n<div style=\"line-height: normal; margin-bottom: 0cm; text-align: justify;\"><span lang=\"ES\" style=\"font-family: 'palatino linotype' , serif; font-size: 12pt;\">\u201cLa inquietud de los \u00e1rboles del l\u00edmite\u201d. Ilustraciones po\u00e9ticas para las fotograf\u00edas de Jos\u00e9 Domingo Guti\u00e9rrez. Le\u00f3n 2012.<\/span><\/div>\n<div style=\"line-height: normal; margin-bottom: 0cm; text-align: justify;\"><span lang=\"ES\" style=\"font-family: 'palatino linotype' , serif; font-size: 12pt;\">\u201cHemos llegado tarde y Dios se ha ido\u201d Ediciones Lobo sapiens. Le\u00f3n 2012.<\/span><\/div>\n<div style=\"line-height: normal; margin-bottom: 0cm; text-align: justify;\"><span lang=\"ES\" style=\"font-family: 'palatino linotype' , serif; font-size: 12pt;\"><span style=\"mso-spacerun: yes;\">&nbsp;<\/span>\u201cPor si acaso la luz\u2026\u201d Editorial Eolas 2015.<\/span><\/div>\n<div style=\"line-height: normal; margin-bottom: 0cm; text-align: justify;\"><\/div>\n<div style=\"line-height: normal; margin-bottom: 0cm; text-align: justify;\"><span lang=\"ES\" style=\"font-family: 'palatino linotype' , serif; font-size: 12pt;\">Est\u00e1 pr\u00f3ximo a aparecer en la misma Editorial Eolas el poemario \u201c\u00c1cida bruma\u201d.<\/span><\/div>\n<div style=\"line-height: normal; margin-bottom: 0cm; text-align: justify;\"><span lang=\"ES\" style=\"font-family: 'palatino linotype' , serif; font-size: 12pt;\">El libro conjunto \u201cPoetas de transici\u00f3n\u201d Ediciones Hontanar<span style=\"mso-spacerun: yes;\">&nbsp; <\/span>2006.<\/span><\/div>\n<div style=\"line-height: normal; margin-bottom: 0cm; text-align: justify;\"><\/div>\n<div style=\"line-height: normal; margin-bottom: 0cm; text-align: justify;\"><span lang=\"ES\" style=\"font-family: 'palatino linotype' , serif; font-size: 12pt;\">Ha participado en dos Antolog\u00eda hispano chilenas:<\/span><\/div>\n<div style=\"line-height: normal; margin-bottom: 0cm; text-align: justify;\"><span lang=\"ES\" style=\"font-family: 'palatino linotype' , serif; font-size: 12pt;\">\u201cArpegios po\u00e9ticos\u201d Santiago de Chile 2008 y<\/span><\/div>\n<div style=\"line-height: normal; margin: 12pt 0cm 0cm; text-align: justify;\"><span lang=\"ES\" style=\"font-family: 'palatino linotype' , serif; font-size: 12pt;\">\u201cCrisol po\u00e9tico\u201d Santiago de Chile 2009.<\/span><\/div>\n<div style=\"line-height: normal; margin: 12pt 0cm 0cm; text-align: justify;\"><span lang=\"ES\" style=\"font-family: 'palatino linotype' , serif; font-size: 12pt;\">Particip\u00f3 con varios relatos en el libro de VV.AA \u201cTiempo de Recreo\u201d<\/span><\/div>\n<div style=\"line-height: normal; margin: 12pt 0cm 0cm; text-align: justify;\"><span lang=\"ES\" style=\"font-family: 'palatino linotype' , serif; font-size: 12pt;\">Editorial El Recreo<span style=\"mso-spacerun: yes;\">&nbsp; <\/span>Barcelona 2007.<\/span><\/div>\n<div style=\"line-height: normal; margin: 12pt 0cm 0cm; text-align: justify;\"><span lang=\"ES\" style=\"font-family: 'palatino linotype' , serif; font-size: 12pt;\">Est\u00e1 en v\u00edas de edici\u00f3n un \u00faltimo libro \u201cPor si acaso la luz\u2026\u201d<\/span><\/div>\n<div style=\"line-height: normal; margin: 12pt 0cm 0cm; text-align: justify;\"><span lang=\"ES\" style=\"font-family: 'palatino linotype' , serif; font-size: 12pt;\">De \u00e9l ha dicho la cr\u00edtica: <b style=\"mso-bidi-font-weight: normal;\">\u201cSi tuvi\u00e9semos que colocar alg\u00fan marbete a sus versos, hablar\u00edamos de poes\u00eda existencial centrada en las angustias del yo\u201d.<\/b><\/span><\/div>\n<div style=\"line-height: normal; margin: 12pt 0cm 0cm; text-align: justify;\"><\/div>\n<div style=\"line-height: normal; margin: 12pt 0cm 0cm; text-align: justify;\"><b style=\"mso-bidi-font-weight: normal;\"><span lang=\"ES\" style=\"font-family: 'palatino linotype' , serif; font-size: 12pt;\">JK: Octavio, te licenciaste en Medicina en Valladolid y en pediatr\u00eda en Bilbao. \u00bfPor qu\u00e9 tras treinta y siete a\u00f1os de ejercicio profesional buscas el camino de la poes\u00eda?<\/span><\/b><\/div>\n<div style=\"line-height: normal; margin: 12pt 0cm 0cm; text-align: justify;\"><span lang=\"ES\" style=\"font-family: 'palatino linotype' , serif; font-size: 12pt;\">Yo ya estaba en ese camino, es verdad que de manera pasiva. Si bien comenc\u00e9 muy tarde a escribir, soy un lector precoz de poes\u00eda y a ella acud\u00eda cuando el trabajo me lo hac\u00eda posible o cuando las flemas del alma se acumulaban y era preciso echarlas fuera. Cuando mi atenci\u00f3n a los dem\u00e1s me dejaba un rato libre para ocuparme de m\u00ed mismo. Al jubilarme me qued\u00f3 todo el tiempo libre para adentrarme en el terreno de la creatividad e intentar mis propios recursos po\u00e9ticos.<\/span><\/div>\n<div style=\"line-height: normal; margin: 12pt 0cm 0cm; text-align: justify;\"><b style=\"mso-bidi-font-weight: normal;\"><span lang=\"ES\" style=\"font-family: 'palatino linotype' , serif; font-size: 12pt;\">JK: Si tuvieras que definir la poes\u00eda en un concepto, \u00bfc\u00f3mo lo har\u00edas?<\/span><\/b><\/div>\n<div style=\"line-height: normal; margin: 12pt 0cm 0cm; text-align: justify;\"><span lang=\"ES\" style=\"font-family: 'palatino linotype' , serif; font-size: 12pt;\">No lo podr\u00eda hacer. Ser\u00eda pretencioso por mi parte conseguir lo que nadie ha conseguido. Definir la poes\u00eda es como intentar meter un oc\u00e9ano en un vaso de agua. La poes\u00eda es una patria de libertad de inimaginables l\u00edmites. Cada escritor suele fabricarse una PO\u00c9TICA que luego nunca cumple.<\/span><\/div>\n<div style=\"line-height: normal; margin: 12pt 0cm 0cm; text-align: justify;\"><span lang=\"ES\" style=\"font-family: 'palatino linotype' , serif; font-size: 12pt;\">Por aproximaci\u00f3n y siguiendo a la fil\u00f3sofa espa\u00f1ola Mar\u00eda Zambrano, podr\u00eda decir que la poes\u00eda es el mejor \u201ccamino para un saber sobre el alma\u201d.<\/span><\/div>\n<div style=\"line-height: normal; margin: 12pt 0cm 0cm; text-align: justify;\"><b style=\"mso-bidi-font-weight: normal;\"><span lang=\"ES\" style=\"font-family: 'palatino linotype' , serif; font-size: 12pt;\">JK: Dec\u00eda Juarroz que en un poema hay que sugerir las palabras, hacerlas sospechar. Cuando uno hace que las cosas est\u00e9n presentes por su ausencia, es cundo las cosas est\u00e1n. \u00bfQu\u00e9 opini\u00f3n te merece esta reflexi\u00f3n?<\/span><\/b><\/div>\n<div style=\"line-height: normal; margin: 12pt 0cm 0cm; text-align: justify;\"><span lang=\"ES\" style=\"font-family: 'palatino linotype' , serif; font-size: 12pt;\">Estoy completamente de acuerdo; para m\u00ed la poes\u00eda es CREAR algo donde no hab\u00eda nada, un mundo misterioso del que se dan pistas, sugerencias, insinuaciones, pero nunca descripciones. Si describes, lo que est\u00e1s haciendo es narrativa cerrada. Un poema nunca debe estar cerrado y debe dejar huecos para que sea el lector el que los rellene. <\/span><\/div>\n<div style=\"line-height: normal; margin: 12pt 0cm 0cm; text-align: justify;\"><span lang=\"ES\" style=\"font-family: 'palatino linotype' , serif; font-size: 12pt;\">Como dec\u00eda Vicente Huidobro: \u201cpoetas, no cant\u00e9is a la rosa, dejad que ella sola florezca en el poema\u201d.<\/span><\/div>\n<div style=\"line-height: normal; margin: 12pt 0cm 0cm; text-align: justify;\"><b style=\"mso-bidi-font-weight: normal;\"><span lang=\"ES\" style=\"font-family: 'palatino linotype' , serif; font-size: 12pt;\">JK: \u00bfCu\u00e1les son tus poetas imprescindibles, de obligada lectura?<\/span><\/b><\/div>\n<div style=\"line-height: normal; margin: 12pt 0cm 0cm; text-align: justify;\"><span lang=\"ES\" style=\"font-family: 'palatino linotype' , serif; font-size: 12pt;\">Ser\u00eda pretencioso por mi parte presumir que conozco a todos los poetas para poder elegir entre ellos. Como casi todos los espa\u00f1oles de mi \u00e9poca B\u00e9cquer y Antonio Machado fueron nuestros introductores. Yo sent\u00ed pronto que Jorge Manrique y, sobre todo, San Juan de la Cruz me subyugaban.<\/span><\/div>\n<div style=\"line-height: normal; margin: 12pt 0cm 0cm; text-align: justify;\"><span lang=\"ES\" style=\"font-family: 'palatino linotype' , serif; font-size: 12pt;\">La lista posterior ser\u00eda infinita: Juan Ram\u00f3n Jim\u00e9nez, Garc\u00eda Lorca, Luis Cernuda, incluso alguno de los denominados \u201cpoetas sociales\u201d como Blas de Otero. Pero sobre todos y ante todos, C\u00e9sar Vallejo. En la actualidad me parece imprescindible una poeta belga-espa\u00f1ola: Chantal Maillard.<\/span><\/div>\n<div style=\"line-height: normal; margin: 12pt 0cm 0cm; text-align: justify;\"><b style=\"mso-bidi-font-weight: normal;\"><span lang=\"ES\" style=\"font-family: 'palatino linotype' , serif; font-size: 12pt;\">JK: \u00bfLlevas alg\u00fan tipo de ritual a la hora de escribir?<\/span><\/b><\/div>\n<div style=\"line-height: normal; margin: 12pt 0cm 0cm; text-align: justify;\"><span lang=\"ES\" style=\"font-family: 'palatino linotype' , serif; font-size: 12pt;\">Durante un tiempo procuraba dedicarle un tiempo fijo a intentar escribir, aunque s\u00f3lo fuese como entrenamiento. Eso que los pianistas llamar\u00edan \u201chacer dedos\u201d. Esperar, como Picasso, a que si la inspiraci\u00f3n llega te pille trabajando. Ahora no, escribo solamente cuando la necesidad se me hace urgente, cuando, aunque quisiese, no podr\u00eda hacer otra cosa.<span style=\"mso-spacerun: yes;\">&nbsp; <\/span>Eso s\u00ed, necesito soledad, tranquilidad y silencio. (\u201c<\/span><i style=\"mso-bidi-font-style: normal;\"><span lang=\"ES\" style=\"font-family: 'palatino linotype' , serif; font-size: 12pt;\">\u00abLa poes\u00eda nace de la emoci\u00f3n recordada en tranquilidad\u201d<\/span><\/i><span lang=\"ES\" style=\"font-family: 'palatino linotype' , serif; font-size: 12pt;\"> William Wordsworth).<\/span><\/div>\n<div style=\"line-height: normal; margin: 12pt 0cm 0cm; text-align: justify;\"><b style=\"mso-bidi-font-weight: normal;\"><span lang=\"ES\" style=\"font-family: 'palatino linotype' , serif; font-size: 12pt;\">JK: La poes\u00eda se presenta como una pura experiencia de la palabra. \u00bfCu\u00e1les son las condiciones en que esa experiencia merece ser llamada po\u00e9tica? <\/span><\/b><\/div>\n<div style=\"line-height: normal; margin: 12pt 0cm 0cm; text-align: justify;\"><span lang=\"ES\" style=\"font-family: 'palatino linotype' , serif; font-size: 12pt;\">Yo creo que la poes\u00eda es algo m\u00e1s que las palabras, pero dado que para expresarla se ha de recurrir a ellas, aparte de otras muchas cosas, creo que una de las condiciones indispensables es la musicalidad, la cadencia, la complicidad que deben establecer entre ellas. Sin olvidarnos nunca de los silencios. Luego est\u00e1 el contenido, pero ese es otro tema. <\/span><\/div>\n<div style=\"line-height: normal; margin: 12pt 0cm 0cm; text-align: justify;\"><b style=\"mso-bidi-font-weight: normal;\"><span lang=\"ES\" style=\"font-family: 'palatino linotype' , serif; font-size: 12pt;\">JK: En el fondo de toda filosof\u00eda hay un af\u00e1n de comprender, un af\u00e1n de coherencia, aunque puedan existir formas del pensamiento filos\u00f3fico que en \u00faltimo t\u00e9rmino desembocan en lo inefable \u00bfPor qu\u00e9 crees que la poes\u00eda implica un reconocimiento de lo absurdo?<\/span><\/b><\/div>\n<div style=\"line-height: normal; margin: 12pt 0cm 0cm; text-align: justify;\"><span lang=\"ES\" style=\"font-family: 'palatino linotype' , serif; font-size: 12pt;\">Yo creo que ambas buscan verdades: la verdad filos\u00f3fica y la verdad po\u00e9tica. La primera va a lo concreto mientras que la po\u00e9tica admite perfectamente otro tipo de verdad que es la verdad fant\u00e1stica.<\/span><\/div>\n<div style=\"line-height: normal; margin: 12pt 0cm 0cm; text-align: justify;\"><span lang=\"ES\" style=\"font-family: 'palatino linotype' , serif; font-size: 12pt;\">Para m\u00ed la poes\u00eda es introspecci\u00f3n, b\u00fasqueda, pregunta, casi nunca respuesta concreta<span style=\"mso-spacerun: yes;\">&nbsp; <\/span>a nada. Apenas alg\u00fan desvelamiento. Es una manera continuada de tomar el pulso a la vida y demostrarnos a nosotros mismos que seguimos vibrando con ella, que seguimos activos, que no nos dejamos arrastrar como seres muertos.<\/span><\/div>\n<div style=\"line-height: normal; margin: 12pt 0cm 0cm; text-align: justify;\"><b style=\"mso-bidi-font-weight: normal;\"><span lang=\"ES\" style=\"font-family: 'palatino linotype' , serif; font-size: 12pt;\">JK: La poes\u00eda crea, no soluciones, no f\u00f3rmulas, no recetas f\u00e1ciles para la vida. \u00bfQu\u00e9 tuvieras que decir al respecto?<\/span><\/b><\/div>\n<div style=\"line-height: normal; margin: 12pt 0cm 0cm; text-align: justify;\"><span lang=\"ES\" style=\"font-family: 'palatino linotype' , serif; font-size: 12pt;\">Tal vez me repita, pero creo que la poes\u00eda es algo m\u00e1s que palabras escritas en renglones cortos, que est\u00e1 en el fondo de toda b\u00fasqueda: cient\u00edfica, filos\u00f3fica\u2026La ciencia, la filosof\u00eda, buscan soluciones, la poes\u00eda intuye y sugiere caminos. No obstante, el poeta espa\u00f1ol Antonio Gamoneda (premio Cervantes 2006) afirma categ\u00f3rico que la poes\u00eda est\u00e1 m\u00e1s cerca de la filosof\u00eda que de la literatura. No me atrevo a opinar al respecto.<\/span><\/div>\n<div style=\"line-height: normal; margin: 12pt 0cm 0cm; text-align: justify;\"><b style=\"mso-bidi-font-weight: normal;\"><span lang=\"ES\" style=\"font-family: 'palatino linotype' , serif; font-size: 12pt;\">JK: De todos los libros que has escrito \u00bfcu\u00e1l es el preferido y por qu\u00e9?<\/span><\/b><\/div>\n<div style=\"line-height: normal; margin: 12pt 0cm 0cm; text-align: justify;\"><span lang=\"ES\" style=\"font-family: 'palatino linotype' , serif; font-size: 12pt;\">La mejor prueba del fracaso del fracaso del escritor es que necesita seguir escribiendo e intentar mejorar lo ya escrito. Si no fuese porque tengo 82 a\u00f1os y probablemente no me quede tiempo, dir\u00eda que mi preferido es el que a\u00fan no he escrito. De lo ya hecho, salvar\u00eda alguno (no dir\u00e9 cu\u00e1l), pero eso s\u00ed, arranc\u00e1ndole un mont\u00f3n de p\u00e1ginas.<\/span><\/div>\n<div style=\"line-height: normal; margin: 12pt 0cm 0cm; text-align: justify;\"><b style=\"mso-bidi-font-weight: normal;\"><span lang=\"ES\" style=\"font-family: 'palatino linotype' , serif; font-size: 12pt;\">JK: Si precisaras en unos versos darle un mensaje al mundo \u00bfcu\u00e1l ser\u00eda?<\/span><\/b><\/div>\n<div style=\"line-height: normal; margin: 12pt 0cm 0cm; text-align: justify;\"><span lang=\"ES\" style=\"font-family: 'palatino linotype' , serif; font-size: 12pt;\">Lo dir\u00e9 en un poema que m\u00e1s que mensaje es advertencia de lo que no debe ser:<\/span><\/div>\n<div style=\"line-height: normal; margin: 12.0pt 0cm 0cm 0cm; text-align: justify;\"><\/div>\n<div style=\"line-height: normal; margin-bottom: 0cm; text-align: center;\" align=\"center\"><span lang=\"ES\" style=\"font-family: 'palatino linotype' , serif; font-size: 12pt;\">\u201c<b style=\"mso-bidi-font-weight: normal;\">Viv\u00eda, parece ser viv\u00eda\u201d<\/b><\/span><\/div>\n<div style=\"line-height: normal; margin-bottom: 0cm; text-align: center;\" align=\"center\"><b style=\"mso-bidi-font-weight: normal;\"><span lang=\"ES\" style=\"font-family: 'palatino linotype' , serif; font-size: 12pt;\">mas su vida no era un r\u00edo,<\/span><\/b><\/div>\n<div style=\"line-height: normal; margin-bottom: 0cm; text-align: center;\" align=\"center\"><b style=\"mso-bidi-font-weight: normal;\"><span lang=\"ES\" style=\"font-family: 'palatino linotype' , serif; font-size: 12pt;\">era una fuente sellada,<\/span><\/b><\/div>\n<div style=\"line-height: normal; margin-bottom: 0cm; text-align: center;\" align=\"center\"><b style=\"mso-bidi-font-weight: normal;\"><span lang=\"ES\" style=\"font-family: 'palatino linotype' , serif; font-size: 12pt;\">era un estanque dormido.<\/span><\/b><\/div>\n<div style=\"line-height: normal; margin: 12.0pt 0cm 0cm 0cm; text-align: justify;\"><\/div>\n<div style=\"line-height: normal; margin-bottom: 0cm; text-align: justify;\"><b style=\"mso-bidi-font-weight: normal;\"><span lang=\"ES\" style=\"font-family: 'palatino linotype' , serif; font-size: 12pt;\">JK: <\/span><\/b><b style=\"mso-bidi-font-weight: normal;\"><span lang=\"ES\" style=\"font-family: 'palatino linotype' , serif; font-size: 12pt;\">Ya para finalizar\u2026 si tuvieras que definir un sue\u00f1o. \u00bfQu\u00e9 nombre le pondr\u00edas?<\/span><\/b><\/div>\n<div style=\"line-height: normal; margin: 12.0pt 0cm 0cm 0cm; text-align: justify;\"><span lang=\"ES\" style=\"font-family: 'palatino linotype' , serif; font-size: 12pt;\">Seguir VIVO (activo)<span style=\"mso-spacerun: yes;\">&nbsp; <\/span>hasta el instante de la muerte.<\/span><\/div>\n<div style=\"line-height: normal; margin: 12.0pt 0cm 0cm 0cm; text-align: justify;\"><\/div>\n<div style=\"line-height: normal; margin: 12.0pt 0cm 0cm 0cm; text-align: justify;\"><span lang=\"ES\" style=\"font-family: 'palatino linotype' , serif; font-size: 12pt;\">Gracias a Octavio por acceder a esta entrevista.<\/span><\/div>\n<\/div>","protected":false},"excerpt":{"rendered":"<p>Por Martha Jacqueline Iglesias Herrera &nbsp; Hoy tengo el placer de entrevistar en Letraweb a un querid\u00edsimo amigo que comparti\u00f3 durante mucho tiempo sus creaciones po\u00e9ticas en este blog. Un hombre de una sensibilidad muy especial, un poeta cabal. Le damos la Bienvenida y espero que los lectores del blog disfruten de esta entrevista exclusiva.<\/p>\n<div class=\"more-link-wrap text-center\"><a href=\"https:\/\/letraweb.org\/en\/octavio-fernandez-zotes-para-mi-la-poesia-es-introspeccion-busqueda-pregunta-casi-nunca-respuesta-concreta-a-nada-apenas-algun-desvelamiento\/\" class=\"more-link btn btn-outline-secondary\">Continuar leyendo<\/a><\/div>","protected":false},"author":1,"featured_media":1708,"comment_status":"open","ping_status":"open","sticky":false,"template":"","format":"standard","meta":{"_seopress_robots_primary_cat":"","_seopress_titles_title":"","_seopress_titles_desc":"","_seopress_robots_index":"","iawp_total_views":2,"footnotes":""},"categories":[3],"tags":[491,488],"class_list":["post-860","post","type-post","status-publish","format-standard","has-post-thumbnail","hentry","category-entrevistas","tag-entrevistas","tag-octavio-fernandez-zotes"],"_links":{"self":[{"href":"https:\/\/letraweb.org\/en\/wp-json\/wp\/v2\/posts\/860","targetHints":{"allow":["GET"]}}],"collection":[{"href":"https:\/\/letraweb.org\/en\/wp-json\/wp\/v2\/posts"}],"about":[{"href":"https:\/\/letraweb.org\/en\/wp-json\/wp\/v2\/types\/post"}],"author":[{"embeddable":true,"href":"https:\/\/letraweb.org\/en\/wp-json\/wp\/v2\/users\/1"}],"replies":[{"embeddable":true,"href":"https:\/\/letraweb.org\/en\/wp-json\/wp\/v2\/comments?post=860"}],"version-history":[{"count":2,"href":"https:\/\/letraweb.org\/en\/wp-json\/wp\/v2\/posts\/860\/revisions"}],"predecessor-version":[{"id":1709,"href":"https:\/\/letraweb.org\/en\/wp-json\/wp\/v2\/posts\/860\/revisions\/1709"}],"wp:featuredmedia":[{"embeddable":true,"href":"https:\/\/letraweb.org\/en\/wp-json\/wp\/v2\/media\/1708"}],"wp:attachment":[{"href":"https:\/\/letraweb.org\/en\/wp-json\/wp\/v2\/media?parent=860"}],"wp:term":[{"taxonomy":"category","embeddable":true,"href":"https:\/\/letraweb.org\/en\/wp-json\/wp\/v2\/categories?post=860"},{"taxonomy":"post_tag","embeddable":true,"href":"https:\/\/letraweb.org\/en\/wp-json\/wp\/v2\/tags?post=860"}],"curies":[{"name":"wp","href":"https:\/\/api.w.org\/{rel}","templated":true}]}}